{"id":911,"date":"2019-10-12T17:05:43","date_gmt":"2019-10-12T15:05:43","guid":{"rendered":"https:\/\/www.huwf.de\/?p=911"},"modified":"2019-10-12T17:05:43","modified_gmt":"2019-10-12T15:05:43","slug":"weltkulturerbe-bamberg-30-11-2019","status":"publish","type":"post","link":"https:\/\/heimat-und-wanderfreunde-frammersbach.de\/?p=911","title":{"rendered":"Weltkulturerbe Bamberg 30.11.2019"},"content":{"rendered":"<p>Unsere diesj\u00e4hrige Kulturfahrt f\u00fchrt uns in die Weltkulturerbe-Stadt Bamberg.<\/p>\n<p>Wir treffen uns um 8.15 Uhr am Bahnhof Partenstein. Ohne Umsteigen kommen wir um 10.30 Uhr in Bamberg an. Zwischen 11.00 Uhr und 13.00 Uhr werden uns die Sehensw\u00fcrdigkeiten der Stadt in einem Rundgang von einem qualifizierten F\u00fchrer gezeigt und erkl\u00e4rt. Im Anschluss haben wir die M\u00f6glichkeit, das gute fr\u00e4nkische Bier und Essen zu geniessen und den Weihnachtsmarkt zu besuchen.<\/p>\n<p>Die R\u00fcckfahrt ist um 17.26 Uhr geplant. Ankunft in Partenstein 19.20 Uhr (ohne Umstieg).<\/p>\n<p>Die Kosten f\u00fcr Bahn und F\u00fchrung betragen ca. 20 Euro.<\/p>\n<p>Hierzu Einladung an alle Wanderfreunde. Nichtmitglieder sind ebenfalls willkommen.<\/p>\n<p>Bitte um Anmeldung bis zum 25.11. per Mail bzw.Whats App<\/p>\n<p>Wanderf\u00fchrer: Walter Anderlohr (Tel. 0170 8041 872)<\/p>\n","protected":false},"excerpt":{"rendered":"<p>Unsere diesj\u00e4hrige Kulturfahrt f\u00fchrt uns in die Weltkulturerbe-Stadt Bamberg. Wir treffen uns um 8.15 Uhr am Bahnhof Partenstein. Ohne Umsteigen kommen wir um 10.30 Uhr in Bamberg an. Zwischen 11.00 Uhr und 13.00 Uhr werden uns die Sehensw\u00fcrdigkeiten der Stadt &hellip; <a href=\"https:\/\/heimat-und-wanderfreunde-frammersbach.de\/?p=911\">Weiterlesen <span class=\"meta-nav\">&rarr;<\/span><\/a><\/p>\n","protected":false},"author":4,"featured_media":0,"comment_status":"closed","ping_status":"open","sticky":false,"template":"","format":"standard","meta":[],"categories":[1],"tags":[],"_links":{"self":[{"href":"https:\/\/heimat-und-wanderfreunde-frammersbach.de\/index.php?rest_route=\/wp\/v2\/posts\/911"}],"collection":[{"href":"https:\/\/heimat-und-wanderfreunde-frammersbach.de\/index.php?rest_route=\/wp\/v2\/posts"}],"about":[{"href":"https:\/\/heimat-und-wanderfreunde-frammersbach.de\/index.php?rest_route=\/wp\/v2\/types\/post"}],"author":[{"embeddable":true,"href":"https:\/\/heimat-und-wanderfreunde-frammersbach.de\/index.php?rest_route=\/wp\/v2\/users\/4"}],"replies":[{"embeddable":true,"href":"https:\/\/heimat-und-wanderfreunde-frammersbach.de\/index.php?rest_route=%2Fwp%2Fv2%2Fcomments&post=911"}],"version-history":[{"count":3,"href":"https:\/\/heimat-und-wanderfreunde-frammersbach.de\/index.php?rest_route=\/wp\/v2\/posts\/911\/revisions"}],"predecessor-version":[{"id":914,"href":"https:\/\/heimat-und-wanderfreunde-frammersbach.de\/index.php?rest_route=\/wp\/v2\/posts\/911\/revisions\/914"}],"wp:attachment":[{"href":"https:\/\/heimat-und-wanderfreunde-frammersbach.de\/index.php?rest_route=%2Fwp%2Fv2%2Fmedia&parent=911"}],"wp:term":[{"taxonomy":"category","embeddable":true,"href":"https:\/\/heimat-und-wanderfreunde-frammersbach.de\/index.php?rest_route=%2Fwp%2Fv2%2Fcategories&post=911"},{"taxonomy":"post_tag","embeddable":true,"href":"https:\/\/heimat-und-wanderfreunde-frammersbach.de\/index.php?rest_route=%2Fwp%2Fv2%2Ftags&post=911"}],"curies":[{"name":"wp","href":"https:\/\/api.w.org\/{rel}","templated":true}]}}