{"id":380,"date":"2019-01-01T15:35:14","date_gmt":"2019-01-01T13:35:14","guid":{"rendered":"https:\/\/www.huwf.de\/?p=380"},"modified":"2019-10-12T17:17:08","modified_gmt":"2019-10-12T15:17:08","slug":"velka-fatra-5","status":"publish","type":"post","link":"https:\/\/heimat-und-wanderfreunde-frammersbach.de\/?p=380","title":{"rendered":"Velka Fatra\/Slowakei  16.-21.07.2019"},"content":{"rendered":"<p style=\"text-align: center;\"><span style=\"font-family: Corbel,sans-serif; color: #ff6600;\"><span style=\"font-size: xx-large;\">Velka Fatra 16.07. &#8211; 21.07.2019<\/span><\/span><\/p>\n<p><span style=\"font-family: Corbel,sans-serif;\">Der Nationalpark Velka Vatra besteht aus einem Mosaik von W\u00e4ldern , Gebirgswiesen, Karstfl\u00e4chen, T\u00e4lern und Hochfl\u00e4chen ( h\u00f6chste Gipfel Ostredok 1.592 m). Wir durchqueren das Gebiet auf einem Kammweg und \u00fcbernachten u. a. in der urigen Chata pod borisovom und Berggasth\u00f6fen.<\/span><\/p>\n<p><span style=\"font-family: Corbel,sans-serif;\">1. Tag Bahnfahrt nach Ruzemberok &#8211; \u00dcbernachtung in Hotel\u00a0\u00a0\u00a0\u00a0\u00a0\u00a0\u00a0\u00a0\u00a0\u00a0\u00a0\u00a0\u00a0\u00a0\u00a0\u00a0\u00a0\u00a0\u00a0\u00a0\u00a0\u00a0\u00a0\u00a0\u00a0\u00a0\u00a0\u00a0\u00a0\u00a0\u00a0\u00a0\u00a0\u00a0\u00a0\u00a0\u00a0\u00a0\u00a0\u00a0\u00a0\u00a0\u00a0\u00a0\u00a0\u00a0\u00a0\u00a0\u00a0\u00a0\u00a0\u00a0\u00a0\u00a0\u00a0\u00a0\u00a0\u00a0\u00a0\u00a0\u00a0\u00a0\u00a0\u00a0\u00a0\u00a0\u00a0\u00a0\u00a0\u00a0\u00a0\u00a0\u00a0\u00a0\u00a0\u00a0\u00a0 2. Tag Auffahrt mit Lift zur Bergstation &#8211; Smrekovica\u00a0 1.340 m\u00a0\u00a0 \u00a0 \u00a0 \u00a0 \u00a0 \u00a0 \u00a0 \u00a0 \u00a0 \u00a0 \u00a0 \u00a0 \u00a0 \u00a0 \u00a0 \u00a0 \u00a0 \u00a0 \u00a0 \u00a0 \u00a0 \u00a0 \u00a0 \u00a0 \u00a0 \u00a0 \u00a0 \u00a0 \u00a0 \u00a0 \u00a0 \u00a0 \u00a0 \u00a0 \u00a0 \u00a0 \u00a0 \u00a0 \u00a0\u00a0 (11 km, 5 Std. Gehzeit, 880 m\u00a0\u2191 470 m \u2193)\u00a0\u00a0\u00a0\u00a0\u00a0\u00a0\u00a0\u00a0\u00a0\u00a0\u00a0\u00a0\u00a0\u00a0\u00a0\u00a0\u00a0\u00a0\u00a0\u00a0\u00a0\u00a0\u00a0\u00a0\u00a0\u00a0\u00a0\u00a0\u00a0\u00a0\u00a0\u00a0\u00a0\u00a0\u00a0\u00a0\u00a0\u00a0\u00a0\u00a0\u00a0\u00a0\u00a0\u00a0\u00a0\u00a0\u00a0\u00a0\u00a0\u00a0\u00a0\u00a0\u00a0\u00a0\u00a0\u00a0\u00a0\u00a0\u00a0\u00a0\u00a0\u00a0\u00a0\u00a0\u00a0\u00a0\u00a0\u00a0\u00a0\u00a0\u00a0\u00a0\u00a0\u00a0\u00a0\u00a0\u00a0\u00a0\u00a0\u00a0\u00a0\u00a0\u00a0\u00a0\u00a0\u00a0\u00a0\u00a0\u00a0\u00a0\u00a0\u00a0\u00a0\u00a0\u00a0\u00a0\u00a0\u00a0\u00a0\u00a0\u00a0\u00a0\u00a0\u00a0\u00a0\u00a0\u00a0\u00a0\u00a0\u00a0\u00a0\u00a0\u00a0\u00a0\u00a0\u00a0\u00a0\u00a0\u00a0\u00a0\u00a0\u00a0 3. Tag Smrekovica &#8211; Rakytov 1.567 m &#8211; Gratwanderung zur\u00a0 chata pod borisovom 1.300 m \u00a0 \u00a0 \u00a0 \u00a0\u00a0 \u00a0 \u00a0 \u00a0\u00a0 \u00a0\u00a0 \u00a0 (15 km, 7 Std. Gehzeit, 1.000 m\u00a0\u00a0\u2191 1.000 m\u00a0 \u2193)\u00a0 \u00a0 \u00a0 \u00a0 \u00a0\u00a0 \u00a0\u00a0\u00a0\u00a0\u00a0\u00a0\u00a0\u00a0\u00a0\u00a0\u00a0\u00a0\u00a0\u00a0\u00a0\u00a0\u00a0\u00a0\u00a0\u00a0\u00a0\u00a0\u00a0\u00a0\u00a0\u00a0\u00a0\u00a0\u00a0\u00a0\u00a0\u00a0\u00a0\u00a0\u00a0\u00a0\u00a0\u00a0\u00a0\u00a0\u00a0\u00a0\u00a0\u00a0\u00a0\u00a0\u00a0\u00a0\u00a0\u00a0\u00a0\u00a0\u00a0\u00a0\u00a0\u00a0\u00a0\u00a0\u00a0\u00a0\u00a0\u00a0 \u00a0\u00a0\u00a0\u00a0\u00a0\u00a0\u00a0\u00a0\u00a0\u00a0\u00a0\u00a0\u00a0\u00a0\u00a0\u00a0\u00a0\u00a0 \u00a0 \u00a0 \u00a0 \u00a0 \u00a0 \u00a0\u00a0\u00a0\u00a0\u00a0\u00a0\u00a0\u00a0\u00a0\u00a0 4. Tag Chata pod Borisovom &#8211; weiter auf der Tatramagistrale &#8211; Kralova Studna 1.277 m\u00a0\u00a0 \u00a0\u00a0\u00a0\u00a0 \u00a0 \u00a0\u00a0\u00a0\u00a0\u00a0\u00a0\u00a0\u00a0 \u00a0 \u00a0 \u00a0\u00a0 (14 km 5,0 Std. Gehzeit, 625 m\u00a0\u2191 640 m \u2193) \u00a0 \u00a0 \u00a0 \u00a0 \u00a0 \u00a0 \u00a0 \u00a0 \u00a0 \u00a0 \u00a0 \u00a0 \u00a0 \u00a0 \u00a0 \u00a0 \u00a0 \u00a0 \u00a0 \u00a0 \u00a0 \u00a0 \u00a0 \u00a0 \u00a0 \u00a0 \u00a0 \u00a0 \u00a0 \u00a0 \u00a0 \u00a0 \u00a0 \u00a0 \u00a0 \u00a0 \u00a0 \u00a0 \u00a0 \u00a0 \u00a0 \u00a0 \u00a0 \u00a0 \u00a0 \u00a0 \u00a0 \u00a0 \u00a0 \u00a0 \u00a0 \u00a0 \u00a0 \u00a0 \u00a0 \u00a0 \u00a0 \u00a0 \u00a0\u00a0<\/span><span style=\"font-family: Corbel,sans-serif;\"> 5. Tag Kralova Studna &#8211; Hermanac &#8211; Bahnfahrt nach Banska Bystrica &#8211; \u00dcbernachtung \u00a0 \u00a0 \u00a0\u00a0 \u00a0\u00a0 \u00a0 \u00a0 \u00a0 \u00a0 \u00a0 \u00a0 \u00a0 \u00a0 \u00a0\u00a0\u00a0 (12 km, 4,5 Std. Gehzeit, 204 m \u2191 925\u00a0 m \u2193)\u00a0\u00a0\u00a0\u00a0\u00a0\u00a0\u00a0\u00a0\u00a0\u00a0\u00a0\u00a0\u00a0\u00a0\u00a0\u00a0\u00a0\u00a0\u00a0\u00a0\u00a0\u00a0\u00a0\u00a0\u00a0\u00a0\u00a0\u00a0\u00a0\u00a0\u00a0\u00a0\u00a0\u00a0\u00a0\u00a0\u00a0\u00a0\u00a0\u00a0\u00a0\u00a0\u00a0\u00a0\u00a0\u00a0\u00a0\u00a0\u00a0\u00a0\u00a0\u00a0\u00a0\u00a0\u00a0\u00a0\u00a0\u00a0\u00a0\u00a0\u00a0\u00a0\u00a0\u00a0\u00a0\u00a0\u00a0\u00a0\u00a0\u00a0\u00a0\u00a0\u00a0\u00a0\u00a0\u00a0\u00a0\u00a0\u00a0\u00a0\u00a0\u00a0\u00a0\u00a0\u00a0\u00a0\u00a0\u00a0\u00a0\u00a0\u00a0\u00a0\u00a0\u00a0\u00a0\u00a0\u00a0\u00a0\u00a0\u00a0\u00a0\u00a0\u00a0\u00a0\u00a0\u00a0\u00a0\u00a0\u00a0\u00a0\u00a0\u00a0\u00a0\u00a0\u00a0\u00a0 6. Tag R\u00fcckfahrt <\/span><\/p>\n<p><span style=\"font-family: Corbel,sans-serif;\">Alle Wanderfreunde (auch Nichtmitglieder) sind herzlich eingeladen, die Slowakei mit uns zu erkunden. <\/span><\/p>\n<p><span style=\"font-family: Corbel,sans-serif;\">Anmeldung telefonisch\/Mail bei Elke Breitenbach und Anzahlung 100 \u20ac auf Konto Elke Breitenbach IBAN De 61 7601 0085 0397 7508 57 BIC PBNKDEFF Stichwort Velka Fatra bis 25.01.2019. Die Anzahlung wird mit den \u00dcbernachtungs- und Bahnkosten verrechnet.<\/span><\/p>\n<p><span style=\"font-family: Corbel,sans-serif;\">Wanderf\u00fchrer: Elke Breitenbach\u00a0\u00a0\u00a0\u00a0\u00a0\u00a0\u00a0\u00a0\u00a0\u00a0\u00a0\u00a0\u00a0\u00a0\u00a0\u00a0\u00a0\u00a0\u00a0\u00a0\u00a0\u00a0\u00a0\u00a0\u00a0\u00a0\u00a0\u00a0\u00a0\u00a0\u00a0\u00a0\u00a0\u00a0\u00a0\u00a0\u00a0\u00a0\u00a0\u00a0\u00a0\u00a0\u00a0\u00a0\u00a0\u00a0\u00a0\u00a0\u00a0\u00a0\u00a0\u00a0\u00a0\u00a0\u00a0\u00a0\u00a0\u00a0\u00a0\u00a0\u00a0\u00a0\u00a0\u00a0\u00a0\u00a0\u00a0\u00a0\u00a0\u00a0\u00a0\u00a0\u00a0\u00a0\u00a0\u00a0\u00a0\u00a0\u00a0\u00a0\u00a0\u00a0\u00a0\u00a0\u00a0\u00a0\u00a0\u00a0\u00a0\u00a0\u00a0\u00a0\u00a0\u00a0\u00a0\u00a0\u00a0\u00a0\u00a0\u00a0\u00a0\u00a0\u00a0\u00a0\u00a0\u00a0\u00a0\u00a0\u00a0\u00a0\u00a0\u00a0\u00a0\u00a0\u00a0\u00a0\u00a0\u00a0\u00a0\u00a0\u00a0\u00a0\u00a0\u00a0 09355\/970715 ab 18:30 oder 0157\/78382992 <\/span><\/p>\n<div id=\"attachment_362\" style=\"width: 280px\" class=\"wp-caption alignleft\"><a href=\"https:\/\/www.huwf.de\/wp-content\/uploads\/2019\/01\/Bild-1.jpg\"><img aria-describedby=\"caption-attachment-362\" loading=\"lazy\" class=\" wp-image-362        \" alt=\"Bild 1\" src=\"https:\/\/www.huwf.de\/wp-content\/uploads\/2019\/01\/Bild-1-300x200.jpg\" width=\"270\" height=\"303\" \/><\/a><p id=\"caption-attachment-362\" class=\"wp-caption-text\">Velka Fatra<\/p><\/div>\n<div id=\"attachment_363\" style=\"width: 280px\" class=\"wp-caption alignright\"><a href=\"https:\/\/www.huwf.de\/wp-content\/uploads\/2019\/01\/Bild-2.jpg\"><img aria-describedby=\"caption-attachment-363\" loading=\"lazy\" class=\"wp-image-363       \" alt=\"\" src=\"https:\/\/www.huwf.de\/wp-content\/uploads\/2019\/01\/Bild-2-239x300.jpg\" width=\"270\" height=\"303\" \/><\/a><p id=\"caption-attachment-363\" class=\"wp-caption-text\">Chata pod borisovom<\/p><\/div>\n<div id=\"attachment_364\" style=\"width: 280px\" class=\"wp-caption alignnone\"><a href=\"https:\/\/www.huwf.de\/wp-content\/uploads\/2019\/01\/Bild-3.jpg\"><img aria-describedby=\"caption-attachment-364\" loading=\"lazy\" class=\" wp-image-364           \" style=\"margin: 0px 230px;\" alt=\"Bild 3\" src=\"https:\/\/www.huwf.de\/wp-content\/uploads\/2019\/01\/Bild-3-300x201.jpg\" width=\"270\" height=\"303\" \/><\/a><p id=\"caption-attachment-364\" class=\"wp-caption-text\">Altstadt Banska Bystrica<\/p><\/div>\n","protected":false},"excerpt":{"rendered":"<p>Velka Fatra 16.07. &#8211; 21.07.2019 Der Nationalpark Velka Vatra besteht aus einem Mosaik von W\u00e4ldern , Gebirgswiesen, Karstfl\u00e4chen, T\u00e4lern und Hochfl\u00e4chen ( h\u00f6chste Gipfel Ostredok 1.592 m). Wir durchqueren das Gebiet auf einem Kammweg und \u00fcbernachten u. a. in der &hellip; <a href=\"https:\/\/heimat-und-wanderfreunde-frammersbach.de\/?p=380\">Weiterlesen <span class=\"meta-nav\">&rarr;<\/span><\/a><\/p>\n","protected":false},"author":4,"featured_media":0,"comment_status":"closed","ping_status":"open","sticky":false,"template":"","format":"standard","meta":[],"categories":[1,10,13],"tags":[],"_links":{"self":[{"href":"https:\/\/heimat-und-wanderfreunde-frammersbach.de\/index.php?rest_route=\/wp\/v2\/posts\/380"}],"collection":[{"href":"https:\/\/heimat-und-wanderfreunde-frammersbach.de\/index.php?rest_route=\/wp\/v2\/posts"}],"about":[{"href":"https:\/\/heimat-und-wanderfreunde-frammersbach.de\/index.php?rest_route=\/wp\/v2\/types\/post"}],"author":[{"embeddable":true,"href":"https:\/\/heimat-und-wanderfreunde-frammersbach.de\/index.php?rest_route=\/wp\/v2\/users\/4"}],"replies":[{"embeddable":true,"href":"https:\/\/heimat-und-wanderfreunde-frammersbach.de\/index.php?rest_route=%2Fwp%2Fv2%2Fcomments&post=380"}],"version-history":[{"count":95,"href":"https:\/\/heimat-und-wanderfreunde-frammersbach.de\/index.php?rest_route=\/wp\/v2\/posts\/380\/revisions"}],"predecessor-version":[{"id":529,"href":"https:\/\/heimat-und-wanderfreunde-frammersbach.de\/index.php?rest_route=\/wp\/v2\/posts\/380\/revisions\/529"}],"wp:attachment":[{"href":"https:\/\/heimat-und-wanderfreunde-frammersbach.de\/index.php?rest_route=%2Fwp%2Fv2%2Fmedia&parent=380"}],"wp:term":[{"taxonomy":"category","embeddable":true,"href":"https:\/\/heimat-und-wanderfreunde-frammersbach.de\/index.php?rest_route=%2Fwp%2Fv2%2Fcategories&post=380"},{"taxonomy":"post_tag","embeddable":true,"href":"https:\/\/heimat-und-wanderfreunde-frammersbach.de\/index.php?rest_route=%2Fwp%2Fv2%2Ftags&post=380"}],"curies":[{"name":"wp","href":"https:\/\/api.w.org\/{rel}","templated":true}]}}